{"id":3301,"date":"2026-08-26T11:57:56","date_gmt":"2026-08-26T09:57:56","guid":{"rendered":"https:\/\/pp-group.com\/?p=3301"},"modified":"2026-08-26T12:38:47","modified_gmt":"2026-08-26T10:38:47","slug":"pp-group-rohbau-des-wohnprojekts-simonstrasse-kurz-vor-fertigstellung","status":"publish","type":"post","link":"https:\/\/pp-group.com\/en\/immobilienbranche\/pp-group-rohbau-des-wohnprojekts-simonstrasse-kurz-vor-fertigstellung\/","title":{"rendered":"P&amp;P Group: Rohbau des Wohnprojekts Simonstra\u00dfe kurz vor Fertigstellung"},"content":{"rendered":"<p class=\"wp-block-paragraph\"><\/p>\n\n\n\n<p class=\"wp-block-paragraph\"><strong><em>F\u00fcrth, August 2026<\/em><\/strong> \u2013 Das Wohnprojekt der P&amp;P Group in der Simonstra\u00dfe, in unmittelbarer N\u00e4he zum S\u00fcdstadtpark in F\u00fcrth, nimmt weiter sichtbar Gestalt an. Insgesamt entstehen hier 40 nachgefragte 1- bis 3-Zimmerwohnungen mit einer durchschnittlichen Wohnungsgr\u00f6\u00dfe von rund 58 qm. Erg\u00e4nzt wird das Wohnungsangebot durch Stellpl\u00e4tze in der Tiefgarage sowie teilweise Balkone oder Freifl\u00e4chen. Aktuell laufen die Arbeiten an der Decke \u00fcber dem 4. Obergeschoss. Damit erreicht der Rohbau einen weiteren wichtigen Meilenstein. Bis Ende August 2026 soll der Rohbau vollst\u00e4ndig abgeschlossen sein. Die Fertigstellung des Projekts ist f\u00fcr April 2027 vorgesehen.<br><br><br>Mit dem planm\u00e4\u00dfigen Baufortschritt setzt die P&amp;P Group die Entwicklung des Projekts konsequent fort. In den vergangenen Monaten ist das Geb\u00e4ude Geschoss f\u00fcr Geschoss gewachsen und pr\u00e4gt zunehmend das Erscheinungsbild des Standorts. Nach Abschluss des Rohbaus Ende August werden die weiteren Ausbauarbeiten sukzessive vorangetrieben.<br><br><br>Ein besonderer Fokus liegt dabei auf der energetischen Qualit\u00e4t und der nachhaltigen Ausf\u00fchrung des Geb\u00e4udes. Das Projekt wird nach dem QNG40-EE-Standard realisiert und erf\u00fcllt damit hohe Anforderungen an Energieeffizienz und Nachhaltigkeit. Baubegleitend wird die Baustelle durch den T\u00dcV gepr\u00fcft. Die unabh\u00e4ngige Qualit\u00e4tskontrolle begleitet die Realisierung und schafft zus\u00e4tzliche Transparenz und Sicherheit hinsichtlich der Ausf\u00fchrungsqualit\u00e4t.<br><br><br><strong>\u201eMit dem Schlie\u00dfen der Decke \u00fcber dem vierten Obergeschoss befinden wir uns auf der Zielgeraden des Rohbaus. Dass wir diesen bis Ende August vollst\u00e4ndig abschlie\u00dfen werden, ist ein wichtiger Meilenstein f\u00fcr das Projekt. Gleichzeitig legen wir gro\u00dfen Wert darauf, die hohe Qualit\u00e4t der Ausf\u00fchrung \u00fcber den gesamten Bauprozess hinweg sicherzustellen. Die baubegleitende Pr\u00fcfung durch den T\u00dcV und die Realisierung nach QNG40-EE-Standard unterstreichen diesen Anspruch\u201c, erkl\u00e4rt Michael Canziani, technischer Leiter der P&amp;P Group<\/strong>.<br><br><br>Auch auf der Vertriebsseite entwickelt sich das Projekt positiv. F\u00fcr die Vermarktung arbeitet die P&amp;P Group mit einem Exklusivvertrieb zusammen. Die enge und professionelle Zusammenarbeit erm\u00f6glicht eine strukturierte Betreuung der Interessenten und eine zielgerichtete Positionierung des Projekts am Markt.<br><br><br><strong>\u201eGerade bei einem Projekt dieser Art ist eine enge Verzahnung zwischen Projektentwicklung und Vertrieb entscheidend. Mit unserem exklusiven Vertriebspartner haben wir einen sehr professionellen Partner an unserer Seite. Die Zusammenarbeit funktioniert hervorragend und zeichnet sich durch kurze Abstimmungswege, hohe Marktkenntnis und eine konsequente Betreuung der Interessenten aus\u201c, so die Gesch\u00e4ftsf\u00fchrung weiter.<\/strong><br><br><br>Mit dem bevorstehenden Abschluss des Rohbaus r\u00fcckt nun die n\u00e4chste Projektphase in den Mittelpunkt. In den kommenden Monaten wird der Innenausbau weiter vorangetrieben, bevor das Projekt planm\u00e4\u00dfig im April 2027 fertiggestellt werden soll.<br><br><\/p>\n\n\n\n<p class=\"wp-block-paragraph\"><strong>Contact person for media:<\/strong><br>Holger Neubauer<br>Isaak-Loewi-Stra\u00dfe 11<br>90763 F\u00fcrth<br>Phone: +49 (0)911 \u2013 76606147<br>Mail:&nbsp;<a href=\"mailto:presse@pp-group.com\" target=\"_blank\" rel=\"noreferrer noopener\">presse@pp-group.com<\/a><\/p>","protected":false},"excerpt":{"rendered":"<p>F\u00fcrth, August 2026 \u2013 Das Wohnprojekt der P&amp;P Group in der Simonstra\u00dfe, in unmittelbarer N\u00e4he zum S\u00fcdstadtpark in F\u00fcrth, nimmt&#8230;<\/p>","protected":false},"author":13,"featured_media":3303,"comment_status":"closed","ping_status":"closed","sticky":false,"template":"","format":"standard","meta":{"inline_featured_image":false,"footnotes":"","_members_access_role":[],"_members_access_error":""},"categories":[23,24],"tags":[66],"class_list":["post-3301","post","type-post","status-publish","format-standard","has-post-thumbnail","hentry","category-immobilienbranche","category-immobilienmarkt","tag-presse"],"_links":{"self":[{"href":"https:\/\/pp-group.com\/en\/wp-json\/wp\/v2\/posts\/3301","targetHints":{"allow":["GET"]}}],"collection":[{"href":"https:\/\/pp-group.com\/en\/wp-json\/wp\/v2\/posts"}],"about":[{"href":"https:\/\/pp-group.com\/en\/wp-json\/wp\/v2\/types\/post"}],"author":[{"embeddable":true,"href":"https:\/\/pp-group.com\/en\/wp-json\/wp\/v2\/users\/13"}],"replies":[{"embeddable":true,"href":"https:\/\/pp-group.com\/en\/wp-json\/wp\/v2\/comments?post=3301"}],"version-history":[{"count":5,"href":"https:\/\/pp-group.com\/en\/wp-json\/wp\/v2\/posts\/3301\/revisions"}],"predecessor-version":[{"id":3320,"href":"https:\/\/pp-group.com\/en\/wp-json\/wp\/v2\/posts\/3301\/revisions\/3320"}],"wp:featuredmedia":[{"embeddable":true,"href":"https:\/\/pp-group.com\/en\/wp-json\/wp\/v2\/media\/3303"}],"wp:attachment":[{"href":"https:\/\/pp-group.com\/en\/wp-json\/wp\/v2\/media?parent=3301"}],"wp:term":[{"taxonomy":"category","embeddable":true,"href":"https:\/\/pp-group.com\/en\/wp-json\/wp\/v2\/categories?post=3301"},{"taxonomy":"post_tag","embeddable":true,"href":"https:\/\/pp-group.com\/en\/wp-json\/wp\/v2\/tags?post=3301"}],"curies":[{"name":"wp","href":"https:\/\/api.w.org\/{rel}","templated":true}]}}