{"id":3009,"date":"2026-03-26T10:35:31","date_gmt":"2026-03-26T09:35:31","guid":{"rendered":"https:\/\/pp-group.com\/?p=3009"},"modified":"2026-03-26T10:57:18","modified_gmt":"2026-03-26T09:57:18","slug":"pp-group-central-homes-fuerth-wird-groesstes-wohnprojekt-des-unternehmens","status":"publish","type":"post","link":"https:\/\/pp-group.com\/en\/immobilienbranche\/pp-group-central-homes-fuerth-wird-groesstes-wohnprojekt-des-unternehmens\/","title":{"rendered":"P&amp;P Group: Central Homes F\u00fcrth wird gr\u00f6\u00dftes Wohnprojekt des Unternehmens"},"content":{"rendered":"<p><br><strong>F\u00fcrth, 12. M\u00e4rz 2026<\/strong><em> \u2013 Die P&amp;P Group treibt das Wohnprojekt Central Homes in F\u00fcrth weiter voran. Die Tiefbauarbeiten sind nahezu abgeschlossen, und das urbane Quartier nimmt zunehmend Gestalt an. Mit insgesamt 1.000 geplanten Wohnungen, erg\u00e4nzt durch ein modernes Hotel, einen Kindergarten und seniorengerechtes Wohnen entsteht hier das bislang umfangreichste Projekt in der 30-j\u00e4hrigen Firmengeschichte.<\/em><br><br><\/p>\n\n\n\n<p>Was heute als eines der spannendsten Stadtentwicklungsprojekte F\u00fcrths gilt, begann einst als unbebaute Konversionsfl\u00e4che \u2013 eine der letzten zusammenh\u00e4ngenden innerst\u00e4dtischen Fl\u00e4chen, ohne Baurecht und ohne Wasserrecht. Ein Areal, das lange brachlag und dennoch ein enormes Potenzial in sich trug. Genau hier, im Herzen von F\u00fcrth, am sogenannten Hornschuch Campus, wird seit rund acht Jahren an einer vision\u00e4ren Entwicklung gearbeitet. Auf einer Gesamtfl\u00e4che von ca. 25.000 m\u00b2 entsteht Schritt f\u00fcr Schritt ein neues Wohnquartier. Bereits realisiert wurden die umfassende Erschlie\u00dfung des Areals sowie der Bau eines Parkhauses mit 400 PKW-Stellpl\u00e4tzen.<br><br><\/p>\n\n\n\n<p>Mit Central Homes w\u00e4chst nun ein Mixed-Use-Areal der besonderen Art heran. Das Projekt befindet sich aktuell in der Bauphase und vereint energieeffiziente Bauweisen, moderne Geb\u00e4udetechnik und eine zukunftsorientierte Quartiersgestaltung. Es erf\u00fcllt den <strong>KfN-QNG-Standard<\/strong> und setzt auf gro\u00dfz\u00fcgige Gr\u00fcnfl\u00e4chen sowie begr\u00fcnte D\u00e4cher, die das Mikroklima verbessern und eine hohe Aufenthaltsqualit\u00e4t schaffen sollen. Besonders attraktiv ist das Projekt auch f\u00fcr Kapitalanleger: Durch die Einstufung als klimafreundlicher Neubau profitieren Investoren von <strong>5\u202f% Sonder-AfA<\/strong> sowie zus\u00e4tzlich <strong>5\u202f% degressiver AfA<\/strong>. Diese steuerlichen Vorteile st\u00e4rken die Renditeaussichten und machen das Projekt f\u00fcr Kapitalanleger besonders attraktiv.<br><br><\/p>\n\n\n\n<p>\u201eR\u00fcckblickend zeigt sich bereits heute, dass wir damals die richtigen Rahmenbedingungen geschaffen haben und nun das \u201epassende Produkt\u201c zur richtigen Zeit anbieten k\u00f6nnen\u201c, sagt Firmengr\u00fcnder Michael Peter. \u201eDie k\u00fcnftigen Bewohner profitieren von kurzen Wegen in die Innenstadt, der N\u00e4he zum Stadtpark, zwei U-Bahn-Stationen, dem Hauptbahnhof sowie einer schnellen Anbindung an die Autobahn. F\u00fcr F\u00fcrth ist dieses urbane Quartier ein starkes Signal \u2013 und f\u00fcr uns als P&amp;P Group ein Meilenstein, auf den wir stolz sind.\u201c<br><br><\/p>\n\n\n\n<p>\u201eMit Central Homes schaffen wir ein Quartier, das weit \u00fcber die Bereitstellung von Wohnraum hinausgeht. Wir m\u00f6chten einen Ort entwickeln, der \u00f6kologisch verantwortungsvoll ist und den Menschen langfristig Lebensqualit\u00e4t bietet\u201c, erkl\u00e4rt Eva-Maria Zurek, CEO der P&amp;P Group. Das Projekt sei ein bedeutender Schritt f\u00fcr die nachhaltige Weiterentwicklung der Stadt F\u00fcrth.<br><br><\/p>\n\n\n\n<p><strong>Fertigstellung in mehreren Etappen bis Ende 2031<\/strong><\/p>\n\n\n\n<p>Der Ausbau des neuen Quartiers schreitet planm\u00e4\u00dfig voran. Im <strong>ersten Bauabschnitt<\/strong> entstehen <strong>knapp 200 Wohnungen<\/strong>, die bereits auf gro\u00dfes Interesse sto\u00dfen. Der Vertrieb verl\u00e4uft \u00e4u\u00dferst erfolgreich. Ein erheblicher Teil der Einheiten ist bereits verkauft, weitere befinden sich in fortgeschrittenen Reservierungsprozessen. Die starke Nachfrage best\u00e4tigt die Attraktivit\u00e4t des Standorts.<br><br><\/p>\n\n\n\n<p>Das Gesamtprojekt wird in mehreren Etappen realisiert. <strong>Bis Ende 2029<\/strong> sollen rund <strong>800 Wohneinheiten<\/strong> entstehen, ehe das gesamte Areal bis <strong>voraussichtlich Ende 2031<\/strong> vollst\u00e4ndig fertiggestellt wird. Neben freifinanzierten Wohnungen und modernen studentischen Microapartments umfasst das Projekt auch ein Hotel, seniorengerechte Wohnangebote sowie einen Kindergarten. Diese vielf\u00e4ltigen Nutzungen erg\u00e4nzen sich sinnvoll und schaffen ein lebendiges Umfeld, das Menschen aller Generationen zusammenf\u00fchrt und dem Quartier einen starken sozialen Mittelpunkt verleiht.<br><br><\/p>\n\n\n\n<p>Mit einem geplanten <strong>Verkaufsvolumen von rund 240 Mio. EUR<\/strong> z\u00e4hlt Central Homes zu den bedeutendsten Investitionen der P&amp;P Group. Das Projekt setzt ein klares Zeichen f\u00fcr verantwortungsbewusste und zukunftsorientierte Stadtentwicklung in der Metropolregion N\u00fcrnberg.<br><br><\/p>\n\n\n\n<p><strong>\u00dcber P&amp;P Group<\/strong><\/p>\n\n\n\n<p>Die P&amp;P Group ist <strong>seit \u00fcber 30 Jahren<\/strong> erfolgreich in der Immobilienbranche t\u00e4tig. Ihr Schwerpunkt liegt auf der Entwicklung, Revitalisierung und Vermarktung von Wohnbauprojekten \u2013 erg\u00e4nzt durch Gewerbeimmobilien. Bei einem Jahresumsatz von 200 bis 250 Mio. Euro, einem <strong>Bauvolumen von \u00fcber 2,2 Mrd. Euro, einem Verkaufsvolumen von 3,5 Mrd. Euro<\/strong> und rund <strong>100 Mitarbeitende<\/strong> deckt das Unternehmen als Initiator, Investor und Asset-Manager alle Bereiche der Immobilienwirtschaft ab. Zu den Kernkompetenzen z\u00e4hlen die Neubauentwicklung, die Revitalisierung von Altbauten sowie die Realisierung kompletter Quartiersentwicklungen. In der Vergangenheit setzte die P&amp;P Group auch Konversionsprojekte erfolgreich um \u2013 etwa auf ehemaligen Milit\u00e4rfl\u00e4chen. Zu den Prestigeprojekten z\u00e4hlen die Sunshine Lofts auf dem Gel\u00e4nde der fr\u00fcheren Lagarde-Kaserne in Bamberg sowie die Transformation der William O\u2019Darby Kaserne in F\u00fcrth in ein modernes Wohnquartier \u2013 und zum neuen Unternehmenssitz gemacht. <br><br><br><\/p>\n\n\n\n<p><strong>Contact person for media:<\/strong><\/p>\n\n\n\n<p>Holger Neubauer<br>Isaak-Loewi-Stra\u00dfe 11<br>90763 F\u00fcrth<br>Telefon: +49 (0)911 \u2013 76606149<br>Mail: presse@pp-group.com<\/p>\n\n\n\n<p><\/p>","protected":false},"excerpt":{"rendered":"<p>F\u00fcrth, 12. M\u00e4rz 2026 \u2013 Die P&amp;P Group treibt das Wohnprojekt Central Homes in F\u00fcrth weiter voran. Die Tiefbauarbeiten sind&#8230;<\/p>","protected":false},"author":11,"featured_media":2993,"comment_status":"open","ping_status":"open","sticky":false,"template":"","format":"standard","meta":{"inline_featured_image":false,"footnotes":""},"categories":[23],"tags":[],"class_list":["post-3009","post","type-post","status-publish","format-standard","has-post-thumbnail","hentry","category-immobilienbranche"],"_links":{"self":[{"href":"https:\/\/pp-group.com\/en\/wp-json\/wp\/v2\/posts\/3009","targetHints":{"allow":["GET"]}}],"collection":[{"href":"https:\/\/pp-group.com\/en\/wp-json\/wp\/v2\/posts"}],"about":[{"href":"https:\/\/pp-group.com\/en\/wp-json\/wp\/v2\/types\/post"}],"author":[{"embeddable":true,"href":"https:\/\/pp-group.com\/en\/wp-json\/wp\/v2\/users\/11"}],"replies":[{"embeddable":true,"href":"https:\/\/pp-group.com\/en\/wp-json\/wp\/v2\/comments?post=3009"}],"version-history":[{"count":5,"href":"https:\/\/pp-group.com\/en\/wp-json\/wp\/v2\/posts\/3009\/revisions"}],"predecessor-version":[{"id":3014,"href":"https:\/\/pp-group.com\/en\/wp-json\/wp\/v2\/posts\/3009\/revisions\/3014"}],"wp:featuredmedia":[{"embeddable":true,"href":"https:\/\/pp-group.com\/en\/wp-json\/wp\/v2\/media\/2993"}],"wp:attachment":[{"href":"https:\/\/pp-group.com\/en\/wp-json\/wp\/v2\/media?parent=3009"}],"wp:term":[{"taxonomy":"category","embeddable":true,"href":"https:\/\/pp-group.com\/en\/wp-json\/wp\/v2\/categories?post=3009"},{"taxonomy":"post_tag","embeddable":true,"href":"https:\/\/pp-group.com\/en\/wp-json\/wp\/v2\/tags?post=3009"}],"curies":[{"name":"wp","href":"https:\/\/api.w.org\/{rel}","templated":true}]}}