{"id":2888,"date":"2026-03-05T09:41:25","date_gmt":"2026-03-05T08:41:25","guid":{"rendered":"https:\/\/pp-group.com\/?p=2888"},"modified":"2026-04-28T13:34:08","modified_gmt":"2026-04-28T11:34:08","slug":"pp-group-verzeichnet-einen-der-staerksten-verkaufsmonateder-firmengeschichte","status":"publish","type":"post","link":"https:\/\/pp-group.com\/en\/immobilienbranche\/pp-group-verzeichnet-einen-der-staerksten-verkaufsmonateder-firmengeschichte\/","title":{"rendered":"P&amp;P Group verzeichnet einen der st\u00e4rksten Verkaufsmonate der Firmengeschichte"},"content":{"rendered":"<p><\/p>\n\n\n\n<p><strong><em>F\u00fcrth, M\u00e4rz 2026<\/em><\/strong> \u2013 Die P&amp;P Group aus F\u00fcrth hat im Februar 2026 einen bedeutenden Meilenstein erreicht. Der Immobilienentwickler erzielte in diesem Zeitraum im Bereich Wohnungsbau einen der st\u00e4rksten Verkaufsmonate seiner Firmengeschichte und verkaufte dabei \u00fcber 16 Wohneinheiten innerhalb eines Monats.<\/p>\n\n\n\n<p><br>Der au\u00dfergew\u00f6hnlich starke Monat unterstreicht die anhaltend hohe Nachfrage nach Wohnraum in der Metropolregion N\u00fcrnberg. \u201eDieser Monat best\u00e4tigt unsere strategische Ausrichtung und die Attraktivit\u00e4t unserer Projekte\u201c, erkl\u00e4rt CEO Eva-Maria Zurek. \u201eUnser Team hat hervorragende Arbeit geleistet, und wir freuen uns, dass unsere Wohnkonzepte bei Investoren und Eigent\u00fcmern so gut ankommen.\u201c \u201eF\u00fcr uns als Unternehmensgruppe markiert dieser Monat einen historischen Erfolg, der zeigt, wie stark unsere langfristige Entwicklungsstrategie tr\u00e4gt\u201c, erg\u00e4nzt Firmengr\u00fcnder Michael Peter.<\/p>\n\n\n\n<p><br>Die verkauften Einheiten stammen \u00fcberwiegend aus aktuellen Projektentwicklungen in der Metropolregion. Angesichts der starken Nachfrage plant die P&amp;P Group, ihren Wachstumskurs fortzusetzen und in den kommenden Monaten weitere Projekte umzusetzen. <\/p>\n\n\n\n<p><strong>Starke Nachfrage nach City-Apartments und Central Homes<\/strong> <\/p>\n\n\n\n<p><br><\/p>\n\n\n\n<p>Zu den wesentlichen Treibern des starken Februars z\u00e4hlen die beiden aktuellen Projekte City-Apartments und Central Homes, die auf dem Markt auf sp\u00fcrbares Interesse sto\u00dfen.<\/p>\n\n\n\n<p>Mit den City-Apartments entwickelt die P&amp;P Group in der Steinb\u00fchler Stra\u00dfe in N\u00fcrnberg ein Wohnensemble mit insgesamt 111 Einheiten. Der attraktive Wohnungsmix umfasst Neubauwohnungen \u2013 vom effizienten 1-Zimmer-Apartment bis hin zum gro\u00dfz\u00fcgigen 111 m\u00b2 Penthouse mit beeindruckendem Weitblick. Nahezu alle Wohnungen verf\u00fcgen \u00fcber Balkon, Dachterrasse oder einen privaten Gartenanteil und bieten damit zus\u00e4tzlichen Wohnkomfort. Die Wohnungen mit 1 bis 4 Zimmern bedienen die anhaltende Nachfrage nach innerst\u00e4dtischem Wohnraum. Die Grundrisse sind kompakt und funktional angelegt, die Ausstattung orientiert sich am gehobenen Standard.<\/p>\n\n\n\n<p><br>Die Nachhaltigkeit des Objekts wird unter dem Deckmantel der F\u00f6rderkriterien der KfN-QNG-F\u00f6rderung durch zugelassene Zertifizierungsstellen \u00fcberwacht. Dabei werden alle Kriterien eines Effizienzhauses 40 erf\u00fcllt, dem derzeit h\u00f6chsten Standard. Dar\u00fcber hinaus wird durch die Lebenszyklusanalyse sichergestellt, dass der CO\u2082-Fu\u00dfabdruck des Geb\u00e4udes \u00fcber die gesamte Lebensdauer \u2013 von der Errichtung, \u00fcber die Nutzung, etc. \u2013 sehr klein ist. Das Projekt richtet sich an ein breites Spektrum potenzieller Nutzerinnen und Nutzer \u2013 von Singles bis zu Familien.<\/p>\n\n\n\n<p><br>Besonders deutlich wird die anhaltend hohe Nachfrage am Gro\u00dfprojekt Central Homes am historischen Lokschuppen in der direkten N\u00e4he zur F\u00fcrther Hornschuchpromenade. In der Anlage entstehen mehr als 450 vollm\u00f6blierte Wohneinheiten mit \u00fcberwiegend 1 bis 2 Zimmer Microapartments. Im ersten Bauabschnitt sollen \u00fcber 198 Wohnungen fertiggestellt werden; die Gesamtfertigstellung ist f\u00fcr das zweite Quartal 2027 geplant. Die Resonanz auf das Projekt zeigt, dass kompakte, urbane Wohnformen in der Region weiterhin stark gefragt sind \u2013 insbesondere bei Studierenden, Pendlern und Singles, die flexibel und zentral gelegene Wohnangebote bevorzugen.<\/p>\n\n\n\n<p><\/p>\n\n\n\n<p><strong>Blick nach vorn<\/strong><\/p>\n\n\n\n<p><br>Nach dem au\u00dfergew\u00f6hnlich starken Verkaufsmonat richtet die P&amp;P Group ihren Fokus verst\u00e4rkt auf die strategische Weiterentwicklung ihres Projektportfolios. Im Mittelpunkt stehen dabei Wohnformen, die den Wandel urbaner Lebensstile aufgreifen und gleichzeitig h\u00f6chste Anforderungen an Energieeffizienz und Nachhaltigkeit erf\u00fcllen.<\/p>\n\n\n\n<p><br>Das Unternehmen arbeitet bereits an der Vorbereitung weiterer Entwicklungsstandorte in der Metropolregion und pr\u00fcft zus\u00e4tzliche Investitionsfelder, um das Angebot an modernem Wohnraum kontinuierlich auszubauen. Parallel dazu sollen interne Prozesse weiter digitalisiert und optimiert werden, um zuk\u00fcnftige Projekte noch schneller und effizienter realisieren zu k\u00f6nnen.<\/p>\n\n\n\n<p><br>Mit diesem klaren Zukunftskurs sieht sich die P&amp;P Group gut aufgestellt, um auch in den kommenden Jahren Impulse f\u00fcr den regionalen Wohnungsmarkt zu setzen und ihre Position als innovativer Immobilienentwickler weiter zu st\u00e4rken.<\/p>\n\n\n\n<p><\/p>\n\n\n\n<p><strong>Contact person for media:<\/strong><br>Holger Neubauer<br>Isaak-Loewi-Stra\u00dfe 11<br>90763 F\u00fcrth<br>Phone: +49 (0)911 \u2013 76606147<br>Mail:&nbsp;<a href=\"mailto:wagner@pp-group.com\" target=\"_blank\" rel=\"noreferrer noopener\">presse@pp-group.com<\/a><\/p>","protected":false},"excerpt":{"rendered":"<p>F\u00fcrth, M\u00e4rz 2026 \u2013 Die P&amp;P Group aus F\u00fcrth hat im Februar 2026 einen bedeutenden Meilenstein erreicht. Der Immobilienentwickler erzielte&#8230;<\/p>","protected":false},"author":11,"featured_media":2895,"comment_status":"open","ping_status":"open","sticky":false,"template":"","format":"standard","meta":{"inline_featured_image":false,"footnotes":""},"categories":[23,24],"tags":[],"class_list":["post-2888","post","type-post","status-publish","format-standard","has-post-thumbnail","hentry","category-immobilienbranche","category-immobilienmarkt"],"_links":{"self":[{"href":"https:\/\/pp-group.com\/en\/wp-json\/wp\/v2\/posts\/2888","targetHints":{"allow":["GET"]}}],"collection":[{"href":"https:\/\/pp-group.com\/en\/wp-json\/wp\/v2\/posts"}],"about":[{"href":"https:\/\/pp-group.com\/en\/wp-json\/wp\/v2\/types\/post"}],"author":[{"embeddable":true,"href":"https:\/\/pp-group.com\/en\/wp-json\/wp\/v2\/users\/11"}],"replies":[{"embeddable":true,"href":"https:\/\/pp-group.com\/en\/wp-json\/wp\/v2\/comments?post=2888"}],"version-history":[{"count":7,"href":"https:\/\/pp-group.com\/en\/wp-json\/wp\/v2\/posts\/2888\/revisions"}],"predecessor-version":[{"id":3090,"href":"https:\/\/pp-group.com\/en\/wp-json\/wp\/v2\/posts\/2888\/revisions\/3090"}],"wp:featuredmedia":[{"embeddable":true,"href":"https:\/\/pp-group.com\/en\/wp-json\/wp\/v2\/media\/2895"}],"wp:attachment":[{"href":"https:\/\/pp-group.com\/en\/wp-json\/wp\/v2\/media?parent=2888"}],"wp:term":[{"taxonomy":"category","embeddable":true,"href":"https:\/\/pp-group.com\/en\/wp-json\/wp\/v2\/categories?post=2888"},{"taxonomy":"post_tag","embeddable":true,"href":"https:\/\/pp-group.com\/en\/wp-json\/wp\/v2\/tags?post=2888"}],"curies":[{"name":"wp","href":"https:\/\/api.w.org\/{rel}","templated":true}]}}